{"id":3779,"date":"2023-03-15T11:15:28","date_gmt":"2023-03-15T10:15:28","guid":{"rendered":"https:\/\/hdpdc.fr\/?p=3779"},"modified":"2023-03-15T11:15:30","modified_gmt":"2023-03-15T10:15:30","slug":"l-equitherapie-a-l-ehpad-clerc-de-molieres","status":"publish","type":"post","link":"https:\/\/hdpdc.fr\/index.php\/2023\/03\/15\/l-equitherapie-a-l-ehpad-clerc-de-molieres\/","title":{"rendered":"L&rsquo;\u00e9quith\u00e9rapie \u00e0 l&rsquo;EHPAD Clerc de Moli\u00e8res"},"content":{"rendered":"\n<div class=\"wp-block-columns is-layout-flex wp-container-core-columns-is-layout-9d6595d7 wp-block-columns-is-layout-flex\">\n<div class=\"wp-block-column is-layout-flow wp-block-column-is-layout-flow\">\n<figure class=\"wp-block-image size-large\"><img fetchpriority=\"high\" decoding=\"async\" width=\"768\" height=\"1024\" src=\"https:\/\/hdpdc.fr\/wp-content\/uploads\/2023\/03\/20230314_112205-768x1024.jpg\" alt=\"\" class=\"wp-image-3781\" srcset=\"https:\/\/hdpdc.fr\/wp-content\/uploads\/2023\/03\/20230314_112205-768x1024.jpg 768w, https:\/\/hdpdc.fr\/wp-content\/uploads\/2023\/03\/20230314_112205-225x300.jpg 225w, https:\/\/hdpdc.fr\/wp-content\/uploads\/2023\/03\/20230314_112205-1152x1536.jpg 1152w, https:\/\/hdpdc.fr\/wp-content\/uploads\/2023\/03\/20230314_112205-1536x2048.jpg 1536w, https:\/\/hdpdc.fr\/wp-content\/uploads\/2023\/03\/20230314_112205-scaled.jpg 1920w\" sizes=\"(max-width: 768px) 100vw, 768px\" \/><\/figure>\n<\/div>\n\n\n\n<div class=\"wp-block-column is-layout-flow wp-block-column-is-layout-flow\">\n<figure class=\"wp-block-image size-large\"><img decoding=\"async\" width=\"768\" height=\"1024\" src=\"https:\/\/hdpdc.fr\/wp-content\/uploads\/2023\/03\/20230314_111316-768x1024.jpg\" alt=\"\" class=\"wp-image-3780\" srcset=\"https:\/\/hdpdc.fr\/wp-content\/uploads\/2023\/03\/20230314_111316-768x1024.jpg 768w, https:\/\/hdpdc.fr\/wp-content\/uploads\/2023\/03\/20230314_111316-225x300.jpg 225w, https:\/\/hdpdc.fr\/wp-content\/uploads\/2023\/03\/20230314_111316-1152x1536.jpg 1152w, https:\/\/hdpdc.fr\/wp-content\/uploads\/2023\/03\/20230314_111316-1536x2048.jpg 1536w, https:\/\/hdpdc.fr\/wp-content\/uploads\/2023\/03\/20230314_111316-scaled.jpg 1920w\" sizes=\"(max-width: 768px) 100vw, 768px\" \/><\/figure>\n<\/div>\n\n\n\n<div class=\"wp-block-column is-layout-flow wp-block-column-is-layout-flow\">\n<figure class=\"wp-block-image size-large\"><img decoding=\"async\" width=\"768\" height=\"1024\" src=\"https:\/\/hdpdc.fr\/wp-content\/uploads\/2023\/03\/20230314_151544-768x1024.jpg\" alt=\"\" class=\"wp-image-3783\" srcset=\"https:\/\/hdpdc.fr\/wp-content\/uploads\/2023\/03\/20230314_151544-768x1024.jpg 768w, https:\/\/hdpdc.fr\/wp-content\/uploads\/2023\/03\/20230314_151544-225x300.jpg 225w, https:\/\/hdpdc.fr\/wp-content\/uploads\/2023\/03\/20230314_151544-1152x1536.jpg 1152w, https:\/\/hdpdc.fr\/wp-content\/uploads\/2023\/03\/20230314_151544-1536x2048.jpg 1536w, https:\/\/hdpdc.fr\/wp-content\/uploads\/2023\/03\/20230314_151544-scaled.jpg 1920w\" sizes=\"(max-width: 768px) 100vw, 768px\" \/><\/figure>\n<\/div>\n<\/div>\n\n\n\n<h2 class=\"wp-block-heading\">Une s\u00e9ance d&rsquo;\u00e9quith\u00e9rapie pour les r\u00e9sidents de l&rsquo;EHPAD Clerc de Moli\u00e8res<\/h2>\n\n\n\n<p>Mardi 14 mars, la s\u00e9ance habituelle d&rsquo;\u00e9quith\u00e9rapie qui a lieu habituellement au centre \u00e9questre de Lansac a \u00e9t\u00e9 d\u00e9localis\u00e9e dans le jardin du secteur prot\u00e9g\u00e9 des Cerisiers en d\u00e9but de journ\u00e9e, puis dans le jardin de l&rsquo;EHPAD Clerc de Moli\u00e8res l&rsquo;apr\u00e8s-midi. <\/p>\n\n\n\n<p>Durant cette journ\u00e9e, nombreux ont \u00e9t\u00e9 les r\u00e9sidents qui ont caress\u00e9 les poneys\u00a0et\u00a0immortalis\u00e9 ce moment en prenant des photos. <\/p>\n\n\n\n<p>En pr\u00e9sence de l&rsquo;\u00e9ducatrice sportive des H\u00f4pitaux des Portes de Camargue, cette journ\u00e9e a \u00e9galement permis de faire le tour de l&rsquo;\u00e9tablissement pour se rendre devant les portes fen\u00eatres des r\u00e9sidents alit\u00e9s, qui ont pu d\u00e9couvrir les animaux de chez eux. <\/p>\n\n\n\n<p>Le midi, un pique nique a \u00e9t\u00e9 organis\u00e9 en salle d&rsquo;animation, en pr\u00e9sence du groupe habituel d&rsquo;\u00e9quith\u00e9rapie. <\/p>\n\n\n\n<p>Un moment de d\u00e9couverte pour certains, de d\u00e9tente pour d&rsquo;autres, mais surtout de th\u00e9rapie puisque la m\u00e9diation par l&rsquo;animal permet \u00e0 certains r\u00e9sidents de s&rsquo;apaiser et de ne penser \u00e0 rien d&rsquo;autre qu&rsquo;au moment pass\u00e9 avec le cheval. <\/p>\n\n\n\n<p><\/p>\n\n\n\n<p>Cette journ\u00e9e sera reconduite avant la fin de l&rsquo;ann\u00e9e.<\/p>\n\n\n\n<p>Vous souhaitez nous suivre ?<\/p>\n\n\n\n<p>LinkedIn : <a href=\"https:\/\/www.linkedin.com\/company\/hopitaux-des-portes-de-camargue\/\">https:\/\/www.linkedin.com\/company\/hopitaux-des-portes-de-camargue\/<\/a><\/p>\n\n\n\n<p>Lien instagram : <a href=\"https:\/\/www.instagram.com\/hdpdc_13150\/\">https:\/\/www.instagram.com\/hdpdc_13150\/<\/a><\/p>\n\n\n\n<p>You Tube : <a href=\"https:\/\/www.youtube.com\/@hopitauxdesportesdecamargu4395\/featured\">https:\/\/www.youtube.com\/@hopitauxdesportesdecamargu4395\/featured<\/a><\/p>\n\n\n\n<p><a href=\"https:\/\/hdpdc.fr\/index.php\/accueil\/pole-personnes-agees\/nos-ehpad\/\">Nos EHPAD &#8211; H\u00f4pitaux des Portes de Camargue (hdpdc.fr)<\/a><\/p>\n","protected":false},"excerpt":{"rendered":"<p>Une s\u00e9ance d&rsquo;\u00e9quith\u00e9rapie pour les r\u00e9sidents de l&rsquo;EHPAD Clerc de Moli\u00e8res Mardi 14 mars, la s\u00e9ance habituelle d&rsquo;\u00e9quith\u00e9rapie qui a lieu habituellement au centre \u00e9questre de Lansac a \u00e9t\u00e9 d\u00e9localis\u00e9e dans le jardin du secteur prot\u00e9g\u00e9 des Cerisiers en d\u00e9but de journ\u00e9e, puis dans le jardin de l&rsquo;EHPAD Clerc de Moli\u00e8res l&rsquo;apr\u00e8s-midi. Durant cette journ\u00e9e, [&hellip;]<\/p>\n","protected":false},"author":4,"featured_media":3782,"comment_status":"open","ping_status":"open","sticky":false,"template":"","format":"standard","meta":{"_acf_changed":false,"footnotes":""},"categories":[47],"tags":[],"class_list":["post-3779","post","type-post","status-publish","format-standard","has-post-thumbnail","hentry","category-actualite-hopitaux-des-portes-de-camargue"],"acf":[],"yoast_head":"<!-- This site is optimized with the Yoast SEO plugin v27.5 - https:\/\/yoast.com\/product\/yoast-seo-wordpress\/ -->\n<title>L&#039;\u00e9quith\u00e9rapie \u00e0 l&#039;EHPAD Clerc de Moli\u00e8res - H\u00f4pitaux des Portes de Camargue<\/title>\n<meta name=\"description\" content=\"Les r\u00e9sidents de l&#039;EHPAD Clerc de Moli\u00e8res ont pu b\u00e9n\u00e9ficier d&#039;une s\u00e9ance d&#039;\u00e9quith\u00e9rapie dans le jardin de l&#039;\u00e9tablissement.\" \/>\n<meta name=\"robots\" content=\"index, follow, max-snippet:-1, max-image-preview:large, max-video-preview:-1\" \/>\n<link rel=\"canonical\" href=\"https:\/\/hdpdc.fr\/index.php\/2023\/03\/15\/l-equitherapie-a-l-ehpad-clerc-de-molieres\/\" \/>\n<meta property=\"og:locale\" content=\"fr_FR\" \/>\n<meta property=\"og:type\" content=\"article\" \/>\n<meta property=\"og:title\" content=\"L&#039;\u00e9quith\u00e9rapie \u00e0 l&#039;EHPAD Clerc de Moli\u00e8res - H\u00f4pitaux des Portes de Camargue\" \/>\n<meta property=\"og:description\" content=\"Les r\u00e9sidents de l&#039;EHPAD Clerc de Moli\u00e8res ont pu b\u00e9n\u00e9ficier d&#039;une s\u00e9ance d&#039;\u00e9quith\u00e9rapie dans le jardin de l&#039;\u00e9tablissement.\" \/>\n<meta property=\"og:url\" content=\"https:\/\/hdpdc.fr\/index.php\/2023\/03\/15\/l-equitherapie-a-l-ehpad-clerc-de-molieres\/\" \/>\n<meta property=\"og:site_name\" content=\"H\u00f4pitaux des Portes de Camargue\" \/>\n<meta property=\"article:published_time\" content=\"2023-03-15T10:15:28+00:00\" \/>\n<meta property=\"article:modified_time\" content=\"2023-03-15T10:15:30+00:00\" \/>\n<meta property=\"og:image\" content=\"https:\/\/hdpdc.fr\/wp-content\/uploads\/2023\/03\/20230314_143244-scaled.jpg\" \/>\n\t<meta property=\"og:image:width\" content=\"2560\" \/>\n\t<meta property=\"og:image:height\" content=\"1920\" \/>\n\t<meta property=\"og:image:type\" content=\"image\/jpeg\" \/>\n<meta name=\"author\" content=\"hdpdc\" \/>\n<meta name=\"twitter:card\" content=\"summary_large_image\" \/>\n<meta name=\"twitter:label1\" content=\"\u00c9crit par\" \/>\n\t<meta name=\"twitter:data1\" content=\"hdpdc\" \/>\n\t<meta name=\"twitter:label2\" content=\"Dur\u00e9e de lecture estim\u00e9e\" \/>\n\t<meta name=\"twitter:data2\" content=\"2 minutes\" \/>\n<script type=\"application\/ld+json\" class=\"yoast-schema-graph\">{\"@context\":\"https:\\\/\\\/schema.org\",\"@graph\":[{\"@type\":\"Article\",\"@id\":\"https:\\\/\\\/hdpdc.fr\\\/index.php\\\/2023\\\/03\\\/15\\\/l-equitherapie-a-l-ehpad-clerc-de-molieres\\\/#article\",\"isPartOf\":{\"@id\":\"https:\\\/\\\/hdpdc.fr\\\/index.php\\\/2023\\\/03\\\/15\\\/l-equitherapie-a-l-ehpad-clerc-de-molieres\\\/\"},\"author\":{\"name\":\"hdpdc\",\"@id\":\"https:\\\/\\\/hdpdc.fr\\\/#\\\/schema\\\/person\\\/8ba8fc3640c19e04aa4b1579f66a69ab\"},\"headline\":\"L&rsquo;\u00e9quith\u00e9rapie \u00e0 l&rsquo;EHPAD Clerc de Moli\u00e8res\",\"datePublished\":\"2023-03-15T10:15:28+00:00\",\"dateModified\":\"2023-03-15T10:15:30+00:00\",\"mainEntityOfPage\":{\"@id\":\"https:\\\/\\\/hdpdc.fr\\\/index.php\\\/2023\\\/03\\\/15\\\/l-equitherapie-a-l-ehpad-clerc-de-molieres\\\/\"},\"wordCount\":267,\"commentCount\":0,\"image\":{\"@id\":\"https:\\\/\\\/hdpdc.fr\\\/index.php\\\/2023\\\/03\\\/15\\\/l-equitherapie-a-l-ehpad-clerc-de-molieres\\\/#primaryimage\"},\"thumbnailUrl\":\"https:\\\/\\\/hdpdc.fr\\\/wp-content\\\/uploads\\\/2023\\\/03\\\/20230314_143244-scaled.jpg\",\"articleSection\":[\"Actualit\u00e9 H\u00f4pitaux des Portes de Camargue\"],\"inLanguage\":\"fr-FR\",\"potentialAction\":[{\"@type\":\"CommentAction\",\"name\":\"Comment\",\"target\":[\"https:\\\/\\\/hdpdc.fr\\\/index.php\\\/2023\\\/03\\\/15\\\/l-equitherapie-a-l-ehpad-clerc-de-molieres\\\/#respond\"]}]},{\"@type\":\"WebPage\",\"@id\":\"https:\\\/\\\/hdpdc.fr\\\/index.php\\\/2023\\\/03\\\/15\\\/l-equitherapie-a-l-ehpad-clerc-de-molieres\\\/\",\"url\":\"https:\\\/\\\/hdpdc.fr\\\/index.php\\\/2023\\\/03\\\/15\\\/l-equitherapie-a-l-ehpad-clerc-de-molieres\\\/\",\"name\":\"L'\u00e9quith\u00e9rapie \u00e0 l'EHPAD Clerc de Moli\u00e8res - H\u00f4pitaux des Portes de Camargue\",\"isPartOf\":{\"@id\":\"https:\\\/\\\/hdpdc.fr\\\/#website\"},\"primaryImageOfPage\":{\"@id\":\"https:\\\/\\\/hdpdc.fr\\\/index.php\\\/2023\\\/03\\\/15\\\/l-equitherapie-a-l-ehpad-clerc-de-molieres\\\/#primaryimage\"},\"image\":{\"@id\":\"https:\\\/\\\/hdpdc.fr\\\/index.php\\\/2023\\\/03\\\/15\\\/l-equitherapie-a-l-ehpad-clerc-de-molieres\\\/#primaryimage\"},\"thumbnailUrl\":\"https:\\\/\\\/hdpdc.fr\\\/wp-content\\\/uploads\\\/2023\\\/03\\\/20230314_143244-scaled.jpg\",\"datePublished\":\"2023-03-15T10:15:28+00:00\",\"dateModified\":\"2023-03-15T10:15:30+00:00\",\"author\":{\"@id\":\"https:\\\/\\\/hdpdc.fr\\\/#\\\/schema\\\/person\\\/8ba8fc3640c19e04aa4b1579f66a69ab\"},\"description\":\"Les r\u00e9sidents de l'EHPAD Clerc de Moli\u00e8res ont pu b\u00e9n\u00e9ficier d'une s\u00e9ance d'\u00e9quith\u00e9rapie dans le jardin de l'\u00e9tablissement.\",\"breadcrumb\":{\"@id\":\"https:\\\/\\\/hdpdc.fr\\\/index.php\\\/2023\\\/03\\\/15\\\/l-equitherapie-a-l-ehpad-clerc-de-molieres\\\/#breadcrumb\"},\"inLanguage\":\"fr-FR\",\"potentialAction\":[{\"@type\":\"ReadAction\",\"target\":[\"https:\\\/\\\/hdpdc.fr\\\/index.php\\\/2023\\\/03\\\/15\\\/l-equitherapie-a-l-ehpad-clerc-de-molieres\\\/\"]}]},{\"@type\":\"ImageObject\",\"inLanguage\":\"fr-FR\",\"@id\":\"https:\\\/\\\/hdpdc.fr\\\/index.php\\\/2023\\\/03\\\/15\\\/l-equitherapie-a-l-ehpad-clerc-de-molieres\\\/#primaryimage\",\"url\":\"https:\\\/\\\/hdpdc.fr\\\/wp-content\\\/uploads\\\/2023\\\/03\\\/20230314_143244-scaled.jpg\",\"contentUrl\":\"https:\\\/\\\/hdpdc.fr\\\/wp-content\\\/uploads\\\/2023\\\/03\\\/20230314_143244-scaled.jpg\",\"width\":2560,\"height\":1920},{\"@type\":\"BreadcrumbList\",\"@id\":\"https:\\\/\\\/hdpdc.fr\\\/index.php\\\/2023\\\/03\\\/15\\\/l-equitherapie-a-l-ehpad-clerc-de-molieres\\\/#breadcrumb\",\"itemListElement\":[{\"@type\":\"ListItem\",\"position\":1,\"name\":\"Accueil\",\"item\":\"https:\\\/\\\/hdpdc.fr\\\/\"},{\"@type\":\"ListItem\",\"position\":2,\"name\":\"L&rsquo;\u00e9quith\u00e9rapie \u00e0 l&rsquo;EHPAD Clerc de Moli\u00e8res\"}]},{\"@type\":\"WebSite\",\"@id\":\"https:\\\/\\\/hdpdc.fr\\\/#website\",\"url\":\"https:\\\/\\\/hdpdc.fr\\\/\",\"name\":\"H\u00f4pitaux des Portes de Camargue\",\"description\":\"Etablissement Public de Sant\u00e9\",\"potentialAction\":[{\"@type\":\"SearchAction\",\"target\":{\"@type\":\"EntryPoint\",\"urlTemplate\":\"https:\\\/\\\/hdpdc.fr\\\/?s={search_term_string}\"},\"query-input\":{\"@type\":\"PropertyValueSpecification\",\"valueRequired\":true,\"valueName\":\"search_term_string\"}}],\"inLanguage\":\"fr-FR\"},{\"@type\":\"Person\",\"@id\":\"https:\\\/\\\/hdpdc.fr\\\/#\\\/schema\\\/person\\\/8ba8fc3640c19e04aa4b1579f66a69ab\",\"name\":\"hdpdc\",\"image\":{\"@type\":\"ImageObject\",\"inLanguage\":\"fr-FR\",\"@id\":\"https:\\\/\\\/secure.gravatar.com\\\/avatar\\\/3a180c2cdcd2953421f9a4a709c11c3cff690c933288dd0c0a535e2925bd43b2?s=96&d=mm&r=g\",\"url\":\"https:\\\/\\\/secure.gravatar.com\\\/avatar\\\/3a180c2cdcd2953421f9a4a709c11c3cff690c933288dd0c0a535e2925bd43b2?s=96&d=mm&r=g\",\"contentUrl\":\"https:\\\/\\\/secure.gravatar.com\\\/avatar\\\/3a180c2cdcd2953421f9a4a709c11c3cff690c933288dd0c0a535e2925bd43b2?s=96&d=mm&r=g\",\"caption\":\"hdpdc\"},\"sameAs\":[\"http:\\\/\\\/bertrand\"],\"url\":\"https:\\\/\\\/hdpdc.fr\\\/index.php\\\/author\\\/hdpdc\\\/\"}]}<\/script>\n<!-- \/ Yoast SEO plugin. -->","yoast_head_json":{"title":"L'\u00e9quith\u00e9rapie \u00e0 l'EHPAD Clerc de Moli\u00e8res - H\u00f4pitaux des Portes de Camargue","description":"Les r\u00e9sidents de l'EHPAD Clerc de Moli\u00e8res ont pu b\u00e9n\u00e9ficier d'une s\u00e9ance d'\u00e9quith\u00e9rapie dans le jardin de l'\u00e9tablissement.","robots":{"index":"index","follow":"follow","max-snippet":"max-snippet:-1","max-image-preview":"max-image-preview:large","max-video-preview":"max-video-preview:-1"},"canonical":"https:\/\/hdpdc.fr\/index.php\/2023\/03\/15\/l-equitherapie-a-l-ehpad-clerc-de-molieres\/","og_locale":"fr_FR","og_type":"article","og_title":"L'\u00e9quith\u00e9rapie \u00e0 l'EHPAD Clerc de Moli\u00e8res - H\u00f4pitaux des Portes de Camargue","og_description":"Les r\u00e9sidents de l'EHPAD Clerc de Moli\u00e8res ont pu b\u00e9n\u00e9ficier d'une s\u00e9ance d'\u00e9quith\u00e9rapie dans le jardin de l'\u00e9tablissement.","og_url":"https:\/\/hdpdc.fr\/index.php\/2023\/03\/15\/l-equitherapie-a-l-ehpad-clerc-de-molieres\/","og_site_name":"H\u00f4pitaux des Portes de Camargue","article_published_time":"2023-03-15T10:15:28+00:00","article_modified_time":"2023-03-15T10:15:30+00:00","og_image":[{"width":2560,"height":1920,"url":"https:\/\/hdpdc.fr\/wp-content\/uploads\/2023\/03\/20230314_143244-scaled.jpg","type":"image\/jpeg"}],"author":"hdpdc","twitter_card":"summary_large_image","twitter_misc":{"\u00c9crit par":"hdpdc","Dur\u00e9e de lecture estim\u00e9e":"2 minutes"},"schema":{"@context":"https:\/\/schema.org","@graph":[{"@type":"Article","@id":"https:\/\/hdpdc.fr\/index.php\/2023\/03\/15\/l-equitherapie-a-l-ehpad-clerc-de-molieres\/#article","isPartOf":{"@id":"https:\/\/hdpdc.fr\/index.php\/2023\/03\/15\/l-equitherapie-a-l-ehpad-clerc-de-molieres\/"},"author":{"name":"hdpdc","@id":"https:\/\/hdpdc.fr\/#\/schema\/person\/8ba8fc3640c19e04aa4b1579f66a69ab"},"headline":"L&rsquo;\u00e9quith\u00e9rapie \u00e0 l&rsquo;EHPAD Clerc de Moli\u00e8res","datePublished":"2023-03-15T10:15:28+00:00","dateModified":"2023-03-15T10:15:30+00:00","mainEntityOfPage":{"@id":"https:\/\/hdpdc.fr\/index.php\/2023\/03\/15\/l-equitherapie-a-l-ehpad-clerc-de-molieres\/"},"wordCount":267,"commentCount":0,"image":{"@id":"https:\/\/hdpdc.fr\/index.php\/2023\/03\/15\/l-equitherapie-a-l-ehpad-clerc-de-molieres\/#primaryimage"},"thumbnailUrl":"https:\/\/hdpdc.fr\/wp-content\/uploads\/2023\/03\/20230314_143244-scaled.jpg","articleSection":["Actualit\u00e9 H\u00f4pitaux des Portes de Camargue"],"inLanguage":"fr-FR","potentialAction":[{"@type":"CommentAction","name":"Comment","target":["https:\/\/hdpdc.fr\/index.php\/2023\/03\/15\/l-equitherapie-a-l-ehpad-clerc-de-molieres\/#respond"]}]},{"@type":"WebPage","@id":"https:\/\/hdpdc.fr\/index.php\/2023\/03\/15\/l-equitherapie-a-l-ehpad-clerc-de-molieres\/","url":"https:\/\/hdpdc.fr\/index.php\/2023\/03\/15\/l-equitherapie-a-l-ehpad-clerc-de-molieres\/","name":"L'\u00e9quith\u00e9rapie \u00e0 l'EHPAD Clerc de Moli\u00e8res - H\u00f4pitaux des Portes de Camargue","isPartOf":{"@id":"https:\/\/hdpdc.fr\/#website"},"primaryImageOfPage":{"@id":"https:\/\/hdpdc.fr\/index.php\/2023\/03\/15\/l-equitherapie-a-l-ehpad-clerc-de-molieres\/#primaryimage"},"image":{"@id":"https:\/\/hdpdc.fr\/index.php\/2023\/03\/15\/l-equitherapie-a-l-ehpad-clerc-de-molieres\/#primaryimage"},"thumbnailUrl":"https:\/\/hdpdc.fr\/wp-content\/uploads\/2023\/03\/20230314_143244-scaled.jpg","datePublished":"2023-03-15T10:15:28+00:00","dateModified":"2023-03-15T10:15:30+00:00","author":{"@id":"https:\/\/hdpdc.fr\/#\/schema\/person\/8ba8fc3640c19e04aa4b1579f66a69ab"},"description":"Les r\u00e9sidents de l'EHPAD Clerc de Moli\u00e8res ont pu b\u00e9n\u00e9ficier d'une s\u00e9ance d'\u00e9quith\u00e9rapie dans le jardin de l'\u00e9tablissement.","breadcrumb":{"@id":"https:\/\/hdpdc.fr\/index.php\/2023\/03\/15\/l-equitherapie-a-l-ehpad-clerc-de-molieres\/#breadcrumb"},"inLanguage":"fr-FR","potentialAction":[{"@type":"ReadAction","target":["https:\/\/hdpdc.fr\/index.php\/2023\/03\/15\/l-equitherapie-a-l-ehpad-clerc-de-molieres\/"]}]},{"@type":"ImageObject","inLanguage":"fr-FR","@id":"https:\/\/hdpdc.fr\/index.php\/2023\/03\/15\/l-equitherapie-a-l-ehpad-clerc-de-molieres\/#primaryimage","url":"https:\/\/hdpdc.fr\/wp-content\/uploads\/2023\/03\/20230314_143244-scaled.jpg","contentUrl":"https:\/\/hdpdc.fr\/wp-content\/uploads\/2023\/03\/20230314_143244-scaled.jpg","width":2560,"height":1920},{"@type":"BreadcrumbList","@id":"https:\/\/hdpdc.fr\/index.php\/2023\/03\/15\/l-equitherapie-a-l-ehpad-clerc-de-molieres\/#breadcrumb","itemListElement":[{"@type":"ListItem","position":1,"name":"Accueil","item":"https:\/\/hdpdc.fr\/"},{"@type":"ListItem","position":2,"name":"L&rsquo;\u00e9quith\u00e9rapie \u00e0 l&rsquo;EHPAD Clerc de Moli\u00e8res"}]},{"@type":"WebSite","@id":"https:\/\/hdpdc.fr\/#website","url":"https:\/\/hdpdc.fr\/","name":"H\u00f4pitaux des Portes de Camargue","description":"Etablissement Public de Sant\u00e9","potentialAction":[{"@type":"SearchAction","target":{"@type":"EntryPoint","urlTemplate":"https:\/\/hdpdc.fr\/?s={search_term_string}"},"query-input":{"@type":"PropertyValueSpecification","valueRequired":true,"valueName":"search_term_string"}}],"inLanguage":"fr-FR"},{"@type":"Person","@id":"https:\/\/hdpdc.fr\/#\/schema\/person\/8ba8fc3640c19e04aa4b1579f66a69ab","name":"hdpdc","image":{"@type":"ImageObject","inLanguage":"fr-FR","@id":"https:\/\/secure.gravatar.com\/avatar\/3a180c2cdcd2953421f9a4a709c11c3cff690c933288dd0c0a535e2925bd43b2?s=96&d=mm&r=g","url":"https:\/\/secure.gravatar.com\/avatar\/3a180c2cdcd2953421f9a4a709c11c3cff690c933288dd0c0a535e2925bd43b2?s=96&d=mm&r=g","contentUrl":"https:\/\/secure.gravatar.com\/avatar\/3a180c2cdcd2953421f9a4a709c11c3cff690c933288dd0c0a535e2925bd43b2?s=96&d=mm&r=g","caption":"hdpdc"},"sameAs":["http:\/\/bertrand"],"url":"https:\/\/hdpdc.fr\/index.php\/author\/hdpdc\/"}]}},"_links":{"self":[{"href":"https:\/\/hdpdc.fr\/index.php\/wp-json\/wp\/v2\/posts\/3779","targetHints":{"allow":["GET"]}}],"collection":[{"href":"https:\/\/hdpdc.fr\/index.php\/wp-json\/wp\/v2\/posts"}],"about":[{"href":"https:\/\/hdpdc.fr\/index.php\/wp-json\/wp\/v2\/types\/post"}],"author":[{"embeddable":true,"href":"https:\/\/hdpdc.fr\/index.php\/wp-json\/wp\/v2\/users\/4"}],"replies":[{"embeddable":true,"href":"https:\/\/hdpdc.fr\/index.php\/wp-json\/wp\/v2\/comments?post=3779"}],"version-history":[{"count":1,"href":"https:\/\/hdpdc.fr\/index.php\/wp-json\/wp\/v2\/posts\/3779\/revisions"}],"predecessor-version":[{"id":3784,"href":"https:\/\/hdpdc.fr\/index.php\/wp-json\/wp\/v2\/posts\/3779\/revisions\/3784"}],"wp:featuredmedia":[{"embeddable":true,"href":"https:\/\/hdpdc.fr\/index.php\/wp-json\/wp\/v2\/media\/3782"}],"wp:attachment":[{"href":"https:\/\/hdpdc.fr\/index.php\/wp-json\/wp\/v2\/media?parent=3779"}],"wp:term":[{"taxonomy":"category","embeddable":true,"href":"https:\/\/hdpdc.fr\/index.php\/wp-json\/wp\/v2\/categories?post=3779"},{"taxonomy":"post_tag","embeddable":true,"href":"https:\/\/hdpdc.fr\/index.php\/wp-json\/wp\/v2\/tags?post=3779"}],"curies":[{"name":"wp","href":"https:\/\/api.w.org\/{rel}","templated":true}]}}